{"id":698,"date":"2018-08-31T16:58:25","date_gmt":"2018-08-31T20:58:25","guid":{"rendered":"https:\/\/paroissestmathieu.ca\/uncategorized\/regroupement-scout-francophone-64e-clarence-rockland\/"},"modified":"2018-08-31T16:58:25","modified_gmt":"2018-08-31T20:58:25","slug":"regroupement-scout-francophone-64e-clarence-rockland","status":"publish","type":"post","link":"https:\/\/paroissestmathieu.ca\/en\/regroupement-scout-francophone-64e-clarence-rockland\/","title":{"rendered":"Regroupement Scout francophone 64e Clarence-Rockland"},"content":{"rendered":"<p>Registrations 2018-2019, Tuesday, September 4, from 6:30 pm to 8 pm, at the local Scout (basement of the Most Holy Trinity Church of Rockland) and Thursday, September 6, from 6:30 pm to Sainte-F\u00e9licit\u00e9 School of Clarence Creek.<\/p>\n<p>Age group: Children from 7 to 17 years old.<\/p>\n<p><strong>Contact: Ga\u00ebtan Cuerrier, President: (613) 229-4553<\/strong><\/p>\n","protected":false},"excerpt":{"rendered":"<p>Registrations 2018-2019, Tuesday, September 4, from 6:30 pm to 8 pm, at the local Scout (basement of the Most Holy Trinity Church of Rockland) and Thursday, September 6, from 6:30 pm to Sainte-F\u00e9licit\u00e9 School of Clarence Creek. Age group: Children from 7 to 17 years old. Contact: Ga\u00ebtan Cuerrier, President: (613) 229-4553<\/p>\n","protected":false},"author":2,"featured_media":0,"comment_status":"closed","ping_status":"closed","sticky":false,"template":"","format":"standard","meta":{"give_campaign_id":0,"_monsterinsights_skip_tracking":false,"_monsterinsights_sitenote_active":false,"_monsterinsights_sitenote_note":"","_monsterinsights_sitenote_category":0,"footnotes":""},"categories":[10],"tags":[],"class_list":["post-698","post","type-post","status-publish","format-standard","hentry","category-annonces"],"aioseo_notices":[],"_links":{"self":[{"href":"https:\/\/paroissestmathieu.ca\/en\/wp-json\/wp\/v2\/posts\/698","targetHints":{"allow":["GET"]}}],"collection":[{"href":"https:\/\/paroissestmathieu.ca\/en\/wp-json\/wp\/v2\/posts"}],"about":[{"href":"https:\/\/paroissestmathieu.ca\/en\/wp-json\/wp\/v2\/types\/post"}],"author":[{"embeddable":true,"href":"https:\/\/paroissestmathieu.ca\/en\/wp-json\/wp\/v2\/users\/2"}],"replies":[{"embeddable":true,"href":"https:\/\/paroissestmathieu.ca\/en\/wp-json\/wp\/v2\/comments?post=698"}],"version-history":[{"count":0,"href":"https:\/\/paroissestmathieu.ca\/en\/wp-json\/wp\/v2\/posts\/698\/revisions"}],"wp:attachment":[{"href":"https:\/\/paroissestmathieu.ca\/en\/wp-json\/wp\/v2\/media?parent=698"}],"wp:term":[{"taxonomy":"category","embeddable":true,"href":"https:\/\/paroissestmathieu.ca\/en\/wp-json\/wp\/v2\/categories?post=698"},{"taxonomy":"post_tag","embeddable":true,"href":"https:\/\/paroissestmathieu.ca\/en\/wp-json\/wp\/v2\/tags?post=698"}],"curies":[{"name":"wp","href":"https:\/\/api.w.org\/{rel}","templated":true}]}}