{"id":960,"date":"2018-10-26T09:43:05","date_gmt":"2018-10-26T13:43:05","guid":{"rendered":"https:\/\/paroissestmathieu.ca\/uncategorized\/october-28-2018\/"},"modified":"2026-03-19T13:55:47","modified_gmt":"2026-03-19T17:55:47","slug":"october-28-2018","status":"publish","type":"post","link":"https:\/\/paroissestmathieu.ca\/en\/october-28-2018\/","title":{"rendered":"October 28, 2018"},"content":{"rendered":"<div class=\"et_pb_section_0 et_pb_section et_section_regular et_block_section\"><div class=\"et_pb_row_0 et_pb_row et_block_row\"><div class=\"et_pb_column_0 et_pb_column et_pb_column_1_3 et_block_column et_pb_css_mix_blend_mode_passthrough\"><div class=\"et_pb_image_0 et_pb_image et_pb_module et_block_module\"><span class=\"et_pb_image_wrap\"><img loading=\"lazy\" decoding=\"async\" src=\"https:\/\/paroissestmathieu.ca\/wp-content\/uploads\/2018\/08\/feuillet_thumbnail-squashed.jpg\" width=\"512\" height=\"622\" srcset=\"https:\/\/paroissestmathieu.ca\/wp-content\/uploads\/2018\/08\/feuillet_thumbnail-squashed.jpg 512w, https:\/\/paroissestmathieu.ca\/wp-content\/uploads\/2018\/08\/feuillet_thumbnail-squashed-247x300.jpg 247w\" sizes=\"(max-width: 512px) 100vw, 512px\" class=\"wp-image-639\" \/><\/span><\/div><\/div><div class=\"et_pb_column_1 et_pb_column et_pb_column_1_3 et_block_column et_pb_css_mix_blend_mode_passthrough\"><div class=\"et_pb_post_title_0 et_pb_post_title et_pb_bg_layout_light et_pb_module et_block_module\"><div class=\"et_pb_title_container\"><h1 class=\"entry-title\">October 28, 2018<\/h1><\/div><\/div><div class=\"et_pb_text_0 et_pb_text et_pb_bg_layout_light et_pb_module et_block_module\"><div class=\"et_pb_text_inner\"><h2>Current<\/h2>\n<p>Our regional leaflet<\/p>\n<\/div><\/div><div class=\"et_pb_module et_pb_button_module_wrapper et_pb_button_0_wrapper\"><a class=\"et_pb_button_0 et_pb_button et_pb_bg_layout_light et_pb_module et_block_module\" href=\"https:\/\/paroissestmathieu.ca\/wp-content\/uploads\/2018\/10\/feuillet_21_octobre_2018.pdf\" target=\"_blank\" data-icon=\"\ue071\">Read the leaflet<\/a><\/div><\/div><div class=\"et_pb_column_2 et_pb_column et_pb_column_1_3 et-last-child et_block_column et_pb_css_mix_blend_mode_passthrough\"><div class=\"et_pb_search_0 et_pb_search et_pb_bg_layout_light et_pb_module et_block_module\"><form class=\"et_pb_searchform\" method=\"get\" role=\"search\" action=\"https:\/\/paroissestmathieu.ca\/en\/\"><div><label class=\"screen-reader-text\" for=\"s\">Search for:<\/label><input name=\"s\" class=\"et_pb_s\" type=\"text\" placeholder=\"\" value=\"\" \/><input name=\"et_pb_searchform_submit\" type=\"hidden\" value=\"et_search_process\" \/><input name=\"et_pb_include_pages\" type=\"hidden\" value=\"yes\" \/><input name=\"et_pb_include_posts\" type=\"hidden\" value=\"yes\" \/><input class=\"et_pb_searchsubmit\" type=\"submit\" value=\"Search\" \/><\/div><\/form><\/div><div class=\"et_pb_text_1 et_pb_text et_pb_bg_layout_light et_pb_module et_block_module\"><div class=\"et_pb_text_inner\"><h3>Recent News<\/h3>\n<\/div><\/div><div class=\"et_pb_blog_0 et_pb_blog et_pb_bg_layout_light et_pb_posts et_pb_module\"><div class=\"et_pb_ajax_pagination_container\"><div class=\"et_pb_posts et_block_module\"><article class=\"et_pb_post et_pb_post_id_1264 clearfix et_pb_blog_item_0_0 post-1264 post type-post status-publish format-standard hentry category-announcements\"><h2 class=\"entry-title\"><a href=\"https:\/\/paroissestmathieu.ca\/en\/do-you-have-your-brick-funding-campaign-for-the-reconstruction-of-the-roger-seguin-reception-center\/\">Do you have your brick? Funding Campaign for the Reconstruction of the Roger-S\u00e9guin Reception Center<\/a><\/h2><p class=\"post-meta\"><span class=\"published\">Feb 22, 2019<\/span><\/p><div class=\"post-content\"><div class=\"post-content-inner\"><p>From February 12 to March 21, 2019, businesses, organizations and schools in the community are challenged to raise as much money as possible by offering their customers a brick in exchange for a donation. They are encouraged to take photos of their &#8220;brick wall&#8221; and&#8230;<\/p>\n<\/div><\/div><\/article><article class=\"et_pb_post et_pb_post_id_1476 clearfix et_pb_blog_item_0_1 post-1476 post type-post status-publish format-standard has-post-thumbnail hentry category-announcements\"><h2 class=\"entry-title\"><a href=\"https:\/\/paroissestmathieu.ca\/en\/father-josephs-anniversary-of-priesthood\/\">Father Joseph&#8217;s Anniversary of Priesthood<\/a><\/h2><p class=\"post-meta\"><span class=\"published\">May 17, 2019<\/span><\/p><div class=\"post-content\"><div class=\"post-content-inner\"><p>Father Joseph will celebrate 15 years of priesthood on May 29. With the participation of Saint F\u00e9licit\u00e9, Sacr\u00e9-Coeur, St Pascal and St Mathieu parishes and the Haitian community, we will have a party on June 1st. This celebration will begin with Mass at 5 pm at St&#8230;<\/p>\n<\/div><\/div><\/article><article class=\"et_pb_post et_pb_post_id_3893 clearfix et_pb_blog_item_0_2 post-3893 post type-post status-publish format-standard hentry category-announcements\"><h2 class=\"entry-title\"><a href=\"https:\/\/paroissestmathieu.ca\/en\/special-quest-for-st-vincent-de-paul-together-for-a-good-cause\/\">Special quest for St. Vincent de Paul: Together for a good cause<\/a><\/h2><p class=\"post-meta\"><span class=\"published\">Nov 22, 2024<\/span><\/p><div class=\"post-content\"><div class=\"post-content-inner\"><p>From November 17 and until December 8, a special collection will be organized for St. Vincent de Paul during Sunday masses. Envelopes will be available in the pews to collect your contributions. Please note that for any donation, a receipt for tax purposes will be&#8230;<\/p>\n<\/div><\/div><\/article><article class=\"et_pb_post et_pb_post_id_3895 clearfix et_pb_blog_item_0_3 post-3895 post type-post status-publish format-standard hentry category-announcements\"><h2 class=\"entry-title\"><a href=\"https:\/\/paroissestmathieu.ca\/en\/sale-of-christmas-logs-a-great-success\/\">Sale of Christmas logs: A great success!<\/a><\/h2><p class=\"post-meta\"><span class=\"published\">Nov 22, 2024<\/span><\/p><div class=\"post-content\"><div class=\"post-content-inner\"><p>We have already sold 162 Christmas logs, and it&#8217;s thanks to you! Your unwavering support and commitment make this activity a true success. For those who have placed an order, the log collection date is scheduled for December 2, 2024. We warmly thank you for helping to&#8230;<\/p>\n<\/div><\/div><\/article><article class=\"et_pb_post et_pb_post_id_3897 clearfix et_pb_blog_item_0_4 post-3897 post type-post status-publish format-standard hentry category-announcements\"><h2 class=\"entry-title\"><a href=\"https:\/\/paroissestmathieu.ca\/en\/collection-of-cans-and-bottles-a-collective-success\/\">Collection of Cans and Bottles: A collective success<\/a><\/h2><p class=\"post-meta\"><span class=\"published\">Nov 22, 2024<\/span><\/p><div class=\"post-content\"><div class=\"post-content-inner\"><p>Our can and bottle collection initiative is a great success thanks to your continued participation and support. Since July 9, 2023, we have raised an impressive $5,267.80. Thank you to everyone who contributed to this great collective effort. But let&#8217;s not stop there!&#8230;<\/p>\n<\/div><\/div><\/article><\/div><\/div><\/div><div class=\"et_pb_module et_pb_button_module_wrapper et_pb_button_1_wrapper\"><a class=\"et_pb_button_1 et_pb_button et_pb_bg_layout_light et_pb_module et_block_module\" href=\"https:\/\/paroissestmathieu.ca\/en\/announcements\/\" data-icon=\"\ue602\">More News<\/a><\/div><\/div><\/div><\/div>","protected":false},"excerpt":{"rendered":"<p>Read the leaflet of the week.<\/p>\n","protected":false},"author":2,"featured_media":958,"comment_status":"closed","ping_status":"closed","sticky":false,"template":"","format":"standard","meta":{"give_campaign_id":0,"_monsterinsights_skip_tracking":false,"_monsterinsights_sitenote_active":false,"_monsterinsights_sitenote_note":"","_monsterinsights_sitenote_category":0,"footnotes":""},"categories":[3],"tags":[],"class_list":["post-960","post","type-post","status-publish","format-standard","has-post-thumbnail","hentry","category-notre-feuillet-regional"],"aioseo_notices":[],"_links":{"self":[{"href":"https:\/\/paroissestmathieu.ca\/en\/wp-json\/wp\/v2\/posts\/960","targetHints":{"allow":["GET"]}}],"collection":[{"href":"https:\/\/paroissestmathieu.ca\/en\/wp-json\/wp\/v2\/posts"}],"about":[{"href":"https:\/\/paroissestmathieu.ca\/en\/wp-json\/wp\/v2\/types\/post"}],"author":[{"embeddable":true,"href":"https:\/\/paroissestmathieu.ca\/en\/wp-json\/wp\/v2\/users\/2"}],"replies":[{"embeddable":true,"href":"https:\/\/paroissestmathieu.ca\/en\/wp-json\/wp\/v2\/comments?post=960"}],"version-history":[{"count":2,"href":"https:\/\/paroissestmathieu.ca\/en\/wp-json\/wp\/v2\/posts\/960\/revisions"}],"predecessor-version":[{"id":4286,"href":"https:\/\/paroissestmathieu.ca\/en\/wp-json\/wp\/v2\/posts\/960\/revisions\/4286"}],"wp:featuredmedia":[{"embeddable":true,"href":"https:\/\/paroissestmathieu.ca\/en\/wp-json\/wp\/v2\/media\/958"}],"wp:attachment":[{"href":"https:\/\/paroissestmathieu.ca\/en\/wp-json\/wp\/v2\/media?parent=960"}],"wp:term":[{"taxonomy":"category","embeddable":true,"href":"https:\/\/paroissestmathieu.ca\/en\/wp-json\/wp\/v2\/categories?post=960"},{"taxonomy":"post_tag","embeddable":true,"href":"https:\/\/paroissestmathieu.ca\/en\/wp-json\/wp\/v2\/tags?post=960"}],"curies":[{"name":"wp","href":"https:\/\/api.w.org\/{rel}","templated":true}]}}